{"id":1864,"date":"2021-03-24T13:33:12","date_gmt":"2021-03-24T12:33:12","guid":{"rendered":"https:\/\/soltis.be\/news\/recycler-un-panneau-solaire-prend-90-secondes\/"},"modified":"2021-03-24T13:33:15","modified_gmt":"2021-03-24T12:33:15","slug":"recycler-un-panneau-solaire-prend-90-secondes","status":"publish","type":"news","link":"https:\/\/soltis.be\/nl\/news\/recycler-un-panneau-solaire-prend-90-secondes\/","title":{"rendered":"Recycler un panneau solaire prend 90 secondes"},"content":{"rendered":"\n<div class=\"wp-block-group container\"><div class=\"wp-block-group__inner-container is-layout-flow wp-block-group-is-layout-flow\">\n<div class=\"wp-block-columns is-layout-flex wp-container-core-columns-is-layout-1 wp-block-columns-is-layout-flex\">\n<div class=\"wp-block-column is-layout-flow wp-block-column-is-layout-flow\" style=\"flex-basis:66.66%\">\n<h5 class=\"wp-block-heading\"><strong><strong>Aujourd\u2019hui, 90% des vieux panneaux photovolta\u00efques sont recycl\u00e9s et pr\u00e8s de 95% de leurs composants sont recyclables. Le tout en une minute trente\u00a0!<\/strong><\/strong><\/h5>\n\n\n\n<p><\/p>\n\n\n\n<p>Installer des panneaux solaires, c\u2019est bon pour l\u2019environnement. Parce qu\u2019ils produisent une \u00e9nergie verte et durable. Mais aussi parce qu\u2019arriver en fin de vie, leur taux de valorisation et de recyclage avoisine les 95%. Rare pour un \u00ab\u00a0d\u00e9chet\u00a0\u00bb \u00e9lectrique\u00a0! M\u00eame <a href=\"https:\/\/www.greenpeace.fr\/impact-environnemental-solaire\/\"><strong><em>Greenpeace<\/em><\/strong> <em><strong>le reconna\u00eet<\/strong><\/em><\/a> &#8230;<\/p>\n\n\n\n<p>Depuis 2016, fabricants, importateurs et installateurs sont d\u2019ailleurs tenus d\u2019assurer gratuitement la collecte et le recyclage des panneaux solaires usag\u00e9s. En Flandre et \u00e0 Bruxelles, le consommateur doit n\u00e9anmoins s\u2019acquitter d\u2019une \u00e9coparticipation de 2\u20ac par panneau (factur\u00e9e \u00e0 l\u2019achat). Pas en Wallonie. Si votre installation date d\u2019avant 2016, vous ne payez rien, quelle que soit votre R\u00e9gion d\u2019habitation.<\/p>\n\n\n\n<p><\/p>\n\n\n\n<h5 class=\"wp-block-heading\"><strong>Quels composants des panneaux photovolta\u00efques se recyclent\u00a0?<\/strong><\/h5>\n\n\n\n<p><\/p>\n\n\n\n<p>Tout ou presque, donc, se recyclent dans un panneau solaire. \u00c0 commencer par le verre, qui le compose \u00e0 80%. Mais c\u2019est aussi le cas du cadre en aluminium, des cellules en silicium et du cuivre. M\u00eame l\u2019onduleur, pi\u00e8ce centrale de l\u2019installation, fait l\u2019objet d\u2019un recyclage. Chaque composant \u00e9tant achemin\u00e9 dans sa propre fili\u00e8re de recyclage.<\/p>\n\n\n\n<p><\/p>\n\n\n\n<h6 class=\"wp-block-heading\"><strong>En quelles mati\u00e8res sont recycl\u00e9s les panneaux solaires\u00a0?<\/strong><\/h6>\n\n\n\n<p><\/p>\n\n\n\n<ul class=\"wp-block-list\"><li>Le verre en fibres de verre, en bouteilles, en bocaux\u2026<\/li><li>L\u2019aluminium en cannettes, entre autres<\/li><li>Le silicium en nouvelles cellules photovolta\u00efques, par exemple<\/li><li>Le cuivre est fondu et retransform\u00e9<\/li><\/ul>\n\n\n<p>L\u2019exception\u00a0? Les bo\u00eetiers de connexion en plastique qui n\u2019entrent pas encore dans la fili\u00e8re de recyclage.<\/p>\n\n\n\n<p><\/p>\n\n\n\n<h5 class=\"wp-block-heading\"><strong>Tous les panneaux solaires sont-ils recyclables\u00a0?<\/strong><\/h5>\n\n\n\n<p><\/p>\n\n\n\n<p>Pour l\u2019instant, seuls ceux fabriqu\u00e9s \u00e0 partir de silicium peuvent \u00eatre recycl\u00e9s de mani\u00e8re \u00e9cologique. La bonne nouvelle\u00a0? Ce sont les plus nombreux\u00a0! Ils repr\u00e9sentent 90% des panneaux photovolta\u00efques install\u00e9s. Un chiffre d\u00e9j\u00e0 consid\u00e9rable et qui devrait encore augmenter \u00e0 l\u2019avenir.<\/p>\n\n\n\n<p>Les 10% de panneaux restants demeurent-ils pour autant \u00e0 l\u2019\u00e9tat de d\u00e9chets \u00ab\u00a0polluants\u00a0\u00bb\u00a0? Oui et non. En effet, ces panneaux \u00e0 base de s\u00e9l\u00e9nium, de cadmium ou encore de gallium doivent subir un traitement chimique pr\u00e9alable avant de pouvoir \u00eatre broy\u00e9s pour s\u00e9parer les mat\u00e9riaux qui pourront b\u00e9n\u00e9ficier d\u2019un recyclage.<\/p>\n\n\n\n<p><\/p>\n\n\n\n<h6 class=\"wp-block-heading\"><strong>Quelle est l\u2019empreinte carbone des panneaux solaires\u00a0?<\/strong><\/h6>\n\n\n\n<p><\/p>\n\n\n\n<p>L\u2019empreinte carbone des panneaux solaires a consid\u00e9rablement diminu\u00e9 depuis une trentaine d\u2019ann\u00e9es. Selon le GIEC, le groupe d\u2019experts intergouvernemental sur l\u2019\u00e9volution du climat, ils auraient un impact de 27g de CO<sub>2<\/sub> \u00e9quivalents par kWh.<\/p>\n\n\n\n<p>Pas de doute que la recyclabilit\u00e9 a jou\u00e9 un r\u00f4le d\u00e9terminant dans la diminution de l\u2019impact \u00e9cologique des panneaux photovolta\u00efques.<\/p>\n\n\n\n<p><\/p>\n\n\n\n<h5 class=\"wp-block-heading\"><strong><strong>Les \u00e9tapes du recyclage d\u2019un panneau solaire<\/strong><\/strong><\/h5>\n\n\n\n<p><\/p>\n\n\n\n<p>Elles sont au nombre de deux\u00a0: le d\u00e9mant\u00e8lement primaire et le d\u00e9mant\u00e8lement secondaire. Le premier consiste \u00e0 s\u00e9parer le panneau de son cadre et de sa connectique. Lors du second, on isole chaque composant (verre, m\u00e9taux, silicium\u2026) couche par couche par traitement thermique puis broyage.<\/p>\n\n\n\n<p>Dur\u00e9e des op\u00e9rations\u00a0: 90 secondes par panneau, soit 40 en une heure. En Belgique, c\u2019est<em><strong> <a href=\"https:\/\/www.pvcycle.be\/fr\/\" target=\"_blank\" rel=\"noreferrer noopener\">PV CycleBelgium<\/a><\/strong><\/em> qui collecte et recycle les panneaux solaires en fin de vie ou d\u00e9fectueux.<\/p>\n\n\n\n<div style=\"height:20px\" aria-hidden=\"true\" class=\"wp-block-spacer\"><\/div>\n\n\n\n<p><strong>Des <a href=\"https:\/\/www.soltis.be\/news\/mecanismes-de-soutien-pour-le-photovoltaique\/\"><em>m\u00e9canismes de soutien<\/em><\/a> pour le photovolta\u00efque existent encore et l&#8217;investissement dans l&#8217;\u00e9nergie solaire vaut vraiment la peine, quelle que soit votre r\u00e9gion.<\/strong><\/p>\n\n\n\n<p><strong> Int\u00e9ress\u00e9(e)?<em> <a href=\"https:\/\/www.soltis.be\/devis\/\">Contactez-nous<\/a><\/em> !<\/strong><\/p>\n<\/div>\n\n\n\n<div class=\"wp-block-column is-layout-flow wp-block-column-is-layout-flow\" style=\"flex-basis:33.33%\"><div class=\"widget widget-search\">\n\t<form action=\"\/\" action=\"get\">\n\t\t<input type=\"text\" name=\"s\" placeholder=\"Rechercher...\">\n\t\t<input type=\"hidden\" name=\"post_type\" value=\"news\">\n\t\t<button>\n\t\t\t<i class=\"feather-search\"><\/i>\n\t\t<\/button>\n\t<\/form>\n<\/div>\n<div class=\"widget widget-services\">\n\t<div class=\"widget widget-categories\">\n\t\t<div class=\"widget-title\">\n\t\t\t<h5>Onderdelen<\/h5>\n\t\t\t<div class=\"d-line\"><\/div>\n\t\t<\/div>\n\t\t<ul>\n\t\t\t<li>\n\t\t\t\t<a href=\"\">Alles<\/a>\n\t\t\t<\/li>\n\t\t\t\t\t\t\t<li>\n\t\t\t\t\t<a href=\"\/actualites\/?cat=batterij\">Batterij<\/a>\n\t\t\t\t\t<small>3<\/small>\n\t\t\t\t<\/li>\n\t\t\t\t\t\t\t<li>\n\t\t\t\t\t<a href=\"\/actualites\/?cat=carport-op-zonne-energie\">Carport op zonne-energie<\/a>\n\t\t\t\t\t<small>1<\/small>\n\t\t\t\t<\/li>\n\t\t\t\t\t\t\t<li>\n\t\t\t\t\t<a href=\"\/actualites\/?cat=elektrisch-oplaadpunt\">Elektrisch oplaadpunt<\/a>\n\t\t\t\t\t<small>4<\/small>\n\t\t\t\t<\/li>\n\t\t\t\t\t\t\t<li>\n\t\t\t\t\t<a href=\"\/actualites\/?cat=fotovoltaisch\">Fotovolta\u00efsch<\/a>\n\t\t\t\t\t<small>24<\/small>\n\t\t\t\t<\/li>\n\t\t\t\t\t\t\t<li>\n\t\t\t\t\t<a href=\"\/actualites\/?cat=geen-onderdeel-van-een-categorie\">Geen onderdeel van een categorie<\/a>\n\t\t\t\t\t<small>1<\/small>\n\t\t\t\t<\/li>\n\t\t\t\t\t\t\t<li>\n\t\t\t\t\t<a href=\"\/actualites\/?cat=isolatie\">Isolatie<\/a>\n\t\t\t\t\t<small>2<\/small>\n\t\t\t\t<\/li>\n\t\t\t\t\t\t\t<li>\n\t\t\t\t\t<a href=\"\/actualites\/?cat=led-verlichting\">LED verlichting<\/a>\n\t\t\t\t\t<small>5<\/small>\n\t\t\t\t<\/li>\n\t\t\t\t\t\t\t<li>\n\t\t\t\t\t<a href=\"\/actualites\/?cat=warmtepomp\">Warmtepomp<\/a>\n\t\t\t\t\t<small>1<\/small>\n\t\t\t\t<\/li>\n\t\t\t\t\t\t<!-- This will be a comment -->\n\t\t<\/ul>\n\t<\/div>\n<\/div>\n<div class=\"widget widget-services\">\n\t<div class=\"widget-title\">\n\t\t<h5>Ge\u00efnteresseerd?<\/h5>\n\t\t<div class=\"d-line\"><\/div>\n\t<\/div>\n\t<ul>\n\t\t<li>\n\t\t\t<span>Ik ben een individu<\/span>\n\t\t\t<a href=\"\/nl\/particulieren\/\" class=\"call-to-action extrasmall\">\n\t\t\t\t<i class=\"feather-arrow-right\"><\/i>\n\t\t\t<\/a>\n\t\t<\/li>\n\t\t<li>\n\t\t\t<span>Ik ben een bedrijf<\/span>\n\t\t\t<a href=\"\/nl\/bedrijven\/\" class=\"call-to-action extrasmall\">\n\t\t\t\t<i class=\"feather-arrow-right\"><\/i>\n\t\t\t<\/a>\n\t\t<\/li>\n\t<\/ul>\n<\/div>\n<div class=\"widget widget-services\">\n\t<div class=\"widget-title\">\n\t\t<h5>Contact<\/h5>\n\t\t<div class=\"d-line\"><\/div>\n\t<\/div>\n\t<ul class=\"sidebar-contact\">\n\t\t<li>\n\t\t\t<i class=\"feather-map-pin\"><\/i>\n\t\t\t<span>Henry Dunantlaan 31, 1140 Evere<\/span>\n\t\t<\/li>\n\t\t<li>\n\t\t\t<i class=\"feather-phone\"><\/i>\n\t\t\t<span>02 779 97 12<\/span>\n\t\t<\/li>\n\t\t<li>\n\t\t\t<i class=\"feather-mail\"><\/i>\n\t\t\t<span>info@soltis.be<\/span>\n\t\t<\/li>\n\t\t<li>\n\t\t\t<i class=\"feather-clock\"><\/i>\n\t\t\t<span>van 08:30 tot 17:00<\/span>\n\t\t<\/li>\n\t\t<li>\n\t\t\t<i class=\"feather-bookmark\"><\/i>\n\t\t\t<span> TVA:BE0897.785.181<\/span>\n\t\t<\/li>\n\t\t\n\t<\/ul>\n<\/div>\n\n<\/div>\n<\/div>\n<\/div><\/div>\n\n<div class=\"wp-block-group\"><div class=\"wp-block-group__inner-container is-layout-flow wp-block-group-is-layout-flow\"><div class=\"wp-block-soltis-section-image my-principles\" style=\"background-image: url('https:\/\/www.soltis.be\/wp-content\/uploads\/2020\/08\/section5.jpg'); background-size: cover; background-position: center; width: 100%; height: 300px; position: relative; background-color: #757575;\">\r\n<div style=\"position: absolute; top: 0px; left: 0px; width: 100%; height: 100%; background-color: rgba(0, 0, 0, 0.5);\"><\/div>\r\n<\/div>\n\n\n<div class=\"wp-block-group\"><div class=\"wp-block-group__inner-container is-layout-flow wp-block-group-is-layout-flow\"><div class=\"wp-block-soltis-title section-title center titre-top-front-page principles\">\r\n<h2>nos Services<\/h2>\r\n&nbsp;\r\n\r\n<\/div><\/div><\/div>\n\n\n\n<div class=\"wp-block-columns container container-950 z-10 is-layout-flex wp-container-core-columns-is-layout-2 wp-block-columns-is-layout-flex\">\n<div class=\"wp-block-column is-layout-flow wp-block-column-is-layout-flow\"><div class=\"wp-block-soltis-group-services principles-box white\">\r\n\r\n&nbsp;\r\n<h4>Particuliers<\/h4>\r\n<ul>\r\n \t<li><a href=\"\/services\/photovoltaique\/\">Photovolta\u00efque<\/a><\/li>\r\n \t<li><a href=\"\/services\/isolation\/\">Isolation<\/a><\/li>\r\n \t<li><a href=\"\/services\/borne-de-recharge\/\">Borne de recharge<\/a><\/li>\r\n \t<li><a href=\"https:\/\/soltis.be\/nl\/particulieren\/prestaties\/\">Nos r\u00e9alisations<\/a><\/li>\r\n \t<li><\/li>\r\n<\/ul>\r\n<a class=\"button circular\" href=\"https:\/\/soltis.be\/nl\/particulieren\/\">Services pour particuliers<\/a>\r\n\r\n<\/div><\/div>\n\n\n\n<div class=\"wp-block-column is-layout-flow wp-block-column-is-layout-flow\"><div class=\"wp-block-soltis-group-services principles-box white\">\r\n\r\n&nbsp;\r\n<h4>Entreprises<\/h4>\r\n<ul>\r\n \t<li><a href=\"\/services\/photovoltaique-2\/\">Photovolta\u00efque<\/a><\/li>\r\n \t<li><a href=\"\/services\/isolation-2\/\">Isolation<\/a><\/li>\r\n \t<li><a href=\"\/services\/led\/\">LED<\/a><\/li>\r\n \t<li><a href=\"\/services\/borne-electrique-2\/\">Borne de recharge<\/a><\/li>\r\n \t<li><a href=\"https:\/\/soltis.be\/nl\/bedrijven\/prestaties\/\">Nos r\u00e9alisations<\/a><\/li>\r\n \t<li><\/li>\r\n<\/ul>\r\n<a class=\"button circular\" href=\"https:\/\/soltis.be\/nl\/bedrijven\/\">Services pour entreprises<\/a>\r\n\r\n<\/div><\/div>\n<\/div>\n<\/div><\/div>\n\n<p><\/p>\n","protected":false},"excerpt":{"rendered":"<p>Aujourd\u2019hui, 90% des vieux panneaux photovolta\u00efques sont recycl\u00e9s et pr\u00e8s de 95% de leurs composants sont recyclables. Le tout en une minute trente\u00a0! Installer des panneaux solaires, c\u2019est bon pour l\u2019environnement. Parce qu\u2019ils produisent une \u00e9nergie verte et durable. Mais aussi parce qu\u2019arriver en fin de vie, leur taux de valorisation et de recyclage avoisine [&hellip;]<\/p>\n","protected":false},"featured_media":1865,"template":"","categories":[35],"class_list":["post-1864","news","type-news","status-publish","has-post-thumbnail","hentry","category-fotovoltaisch"],"acf":[],"_links":{"self":[{"href":"https:\/\/soltis.be\/nl\/wp-json\/wp\/v2\/news\/1864","targetHints":{"allow":["GET"]}}],"collection":[{"href":"https:\/\/soltis.be\/nl\/wp-json\/wp\/v2\/news"}],"about":[{"href":"https:\/\/soltis.be\/nl\/wp-json\/wp\/v2\/types\/news"}],"wp:featuredmedia":[{"embeddable":true,"href":"https:\/\/soltis.be\/nl\/wp-json\/wp\/v2\/media\/1865"}],"wp:attachment":[{"href":"https:\/\/soltis.be\/nl\/wp-json\/wp\/v2\/media?parent=1864"}],"wp:term":[{"taxonomy":"category","embeddable":true,"href":"https:\/\/soltis.be\/nl\/wp-json\/wp\/v2\/categories?post=1864"}],"curies":[{"name":"wp","href":"https:\/\/api.w.org\/{rel}","templated":true}]}}